{"id":985,"date":"2019-10-01T21:49:31","date_gmt":"2019-10-01T19:49:31","guid":{"rendered":"http:\/\/www.lktachov.cz\/?p=985"},"modified":"2019-10-01T21:49:31","modified_gmt":"2019-10-01T19:49:31","slug":"perfektni-zaver-letni-sezony","status":"publish","type":"post","link":"https:\/\/www.lktachov.cz\/index.php\/2019\/10\/01\/perfektni-zaver-letni-sezony\/","title":{"rendered":"Perfektn\u00ed z\u00e1v\u011br letn\u00ed sezony"},"content":{"rendered":"\n<p>V ned\u011bli 29.9.2019 se konal posledn\u00ed, \u0161est\u00fd z\u00e1vod, v ter\u010dov\u00e9 lukost\u0159elb\u011b v r\u00e1mci dlouhodob\u00e9 sout\u011b\u017ee o Poh\u00e1r Plze\u0148sk\u00e9ho kraje. V celkov\u00e9m vyhodnocen\u00ed sout\u011b\u017ee t\u0159\u00ed nejlep\u0161\u00edch v\u00fdsledk\u016f, z\u00edskal n\u00e1\u0161 klub LK Tachov d\u00edky vynikaj\u00edc\u00edm v\u00fdsledk\u016fm sv\u00fdch \u010dlen\u016f mnoho ocen\u011bn\u00ed.<\/p>\n<p>Za seniory byl prvn\u00ed Milo\u0161 Milfait, v mu\u017e\u00edch z\u00edskal 1. m\u00edsto Michal Krynick\u00fd a 3. m\u00edsto Jaroslav \u0160mejkal. Za \u017eeny skon\u010dila prvn\u00ed Kate\u0159ina Drap\u00e1kov\u00e1, druh\u00e1 Monika Strapkov\u00e1. V kategorii star\u0161\u00edch \u017e\u00e1ky\u0148 cenn\u00e9 zlato vybojovala Ivona Altmanov\u00e1 a st\u0159\u00edbro Karol\u00edna Strapkov\u00e1. Za mlad\u0161\u00ed \u017e\u00e1kyn\u011b dom\u016f p\u0159ivezly Krist\u00fdna Drap\u00e1kov\u00e1 zlato a Kamila Krynick\u00e1 bronz. V kategorii \u017e\u00e1ky\u0148 do 10. let z\u00edskala Krist\u00fdna Strapkov\u00e1 kr\u00e1sn\u00e9 druh\u00e9 m\u00edsto.<\/p>\n<p>D\u00edk pat\u0159\u00ed i t\u011bm, kte\u0159\u00ed se na stupn\u011b v\u00edt\u011bz\u016f nedostali. V\u0161em tak\u00e9 p\u0159ejeme \u00fasp\u011b\u0161nou zimn\u00ed sez\u00f3nu.<\/p>\n","protected":false},"excerpt":{"rendered":"<p>V ned\u011bli 29.9.2019 se konal posledn\u00ed, \u0161est\u00fd z\u00e1vod, v ter\u010dov\u00e9 lukost\u0159elb\u011b v r\u00e1mci dlouhodob\u00e9 sout\u011b\u017ee o Poh\u00e1r Plze\u0148sk\u00e9ho kraje. V celkov\u00e9m vyhodnocen\u00ed sout\u011b\u017ee t\u0159\u00ed nejlep\u0161\u00edch v\u00fdsledk\u016f, z\u00edskal n\u00e1\u0161 klub LK Tachov d\u00edky vynikaj\u00edc\u00edm v\u00fdsledk\u016fm sv\u00fdch \u010dlen\u016f mnoho ocen\u011bn\u00ed. Za seniory byl prvn\u00ed Milo\u0161 Milfait, v mu\u017e\u00edch z\u00edskal 1. m\u00edsto Michal Krynick\u00fd a 3. m\u00edsto Jaroslav &hellip; <\/p>\n<p class=\"link-more\"><a href=\"https:\/\/www.lktachov.cz\/index.php\/2019\/10\/01\/perfektni-zaver-letni-sezony\/\" class=\"more-link\">Pokra\u010dovat ve \u010dten\u00ed<span class=\"screen-reader-text\"> &#8222;Perfektn\u00ed z\u00e1v\u011br letn\u00ed sezony&#8220;<\/span><\/a><\/p>\n","protected":false},"author":2,"featured_media":0,"comment_status":"closed","ping_status":"closed","sticky":false,"template":"","format":"standard","meta":{"ngg_post_thumbnail":0,"footnotes":""},"categories":[1],"tags":[],"class_list":["post-985","post","type-post","status-publish","format-standard","hentry","category-novinky"],"post_mailing_queue_ids":[],"_links":{"self":[{"href":"https:\/\/www.lktachov.cz\/index.php\/wp-json\/wp\/v2\/posts\/985","targetHints":{"allow":["GET"]}}],"collection":[{"href":"https:\/\/www.lktachov.cz\/index.php\/wp-json\/wp\/v2\/posts"}],"about":[{"href":"https:\/\/www.lktachov.cz\/index.php\/wp-json\/wp\/v2\/types\/post"}],"author":[{"embeddable":true,"href":"https:\/\/www.lktachov.cz\/index.php\/wp-json\/wp\/v2\/users\/2"}],"replies":[{"embeddable":true,"href":"https:\/\/www.lktachov.cz\/index.php\/wp-json\/wp\/v2\/comments?post=985"}],"version-history":[{"count":1,"href":"https:\/\/www.lktachov.cz\/index.php\/wp-json\/wp\/v2\/posts\/985\/revisions"}],"predecessor-version":[{"id":986,"href":"https:\/\/www.lktachov.cz\/index.php\/wp-json\/wp\/v2\/posts\/985\/revisions\/986"}],"wp:attachment":[{"href":"https:\/\/www.lktachov.cz\/index.php\/wp-json\/wp\/v2\/media?parent=985"}],"wp:term":[{"taxonomy":"category","embeddable":true,"href":"https:\/\/www.lktachov.cz\/index.php\/wp-json\/wp\/v2\/categories?post=985"},{"taxonomy":"post_tag","embeddable":true,"href":"https:\/\/www.lktachov.cz\/index.php\/wp-json\/wp\/v2\/tags?post=985"}],"curies":[{"name":"wp","href":"https:\/\/api.w.org\/{rel}","templated":true}]}}