{"id":900,"date":"2019-08-27T22:11:12","date_gmt":"2019-08-27T20:11:12","guid":{"rendered":"http:\/\/www.lktachov.cz\/?p=900"},"modified":"2019-10-01T21:51:34","modified_gmt":"2019-10-01T19:51:34","slug":"lukostrelecke-soustredeni-lk-tachov","status":"publish","type":"post","link":"https:\/\/www.lktachov.cz\/index.php\/2019\/08\/27\/lukostrelecke-soustredeni-lk-tachov\/","title":{"rendered":"Lukost\u0159eleck\u00e9 soust\u0159ed\u011bn\u00ed LK Tachov"},"content":{"rendered":"\n<p>Na odstartov\u00e1n\u00ed popr\u00e1zdninov\u00e9 sezony mus\u00edme za t\u0159i dny natr\u00e9novat v\u0161e co jsme o pr\u00e1zdnin\u00e1ch zapomn\u011bli. Lukost\u0159eleck\u00e9 soust\u0159ed\u011bn\u00ed bude prob\u00edhat v&nbsp;<a href=\"https:\/\/www.camping-karolina.cz\/\" target=\"_blank\" rel=\"noopener noreferrer\">kempu Karolina<\/a> u Brodu nad Tichou &#8211; informace o poloze kempu naleznete v <a href=\"http:\/\/www.lktachov.cz\/index.php\/events\/event\/lukostrelecke-soustredeni-lk-tachov\/\">kalend\u00e1\u0159i akc\u00ed<\/a>.<\/p>\n<p>Bohat\u00fd program bude obsahovat nap\u0159. tr\u00e9nink lukost\u0159elby, st\u0159eleck\u00e9 z\u00e1vody o kr\u00e1sn\u00e9 ceny, op\u00e9k\u00e1n\u00ed vu\u0159t\u016f atd.<\/p>\n<p>V\u00edce informac\u00ed bude uve\u0159ejn\u011bno v nejbli\u017e\u0161\u00edch dnech v intern\u00ed sekci pro \u010dleny klubu.<\/p>\n","protected":false},"excerpt":{"rendered":"<p>Na odstartov\u00e1n\u00ed popr\u00e1zdninov\u00e9 sezony mus\u00edme za t\u0159i dny natr\u00e9novat v\u0161e co jsme o pr\u00e1zdnin\u00e1ch zapomn\u011bli. Lukost\u0159eleck\u00e9 soust\u0159ed\u011bn\u00ed bude prob\u00edhat v&nbsp;kempu Karolina u Brodu nad Tichou &#8211; informace o poloze kempu naleznete v kalend\u00e1\u0159i akc\u00ed. Bohat\u00fd program bude obsahovat nap\u0159. tr\u00e9nink lukost\u0159elby, st\u0159eleck\u00e9 z\u00e1vody o kr\u00e1sn\u00e9 ceny, op\u00e9k\u00e1n\u00ed vu\u0159t\u016f atd. V\u00edce informac\u00ed bude uve\u0159ejn\u011bno v nejbli\u017e\u0161\u00edch &hellip; <\/p>\n<p class=\"link-more\"><a href=\"https:\/\/www.lktachov.cz\/index.php\/2019\/08\/27\/lukostrelecke-soustredeni-lk-tachov\/\" class=\"more-link\">Pokra\u010dovat ve \u010dten\u00ed<span class=\"screen-reader-text\"> &#8222;Lukost\u0159eleck\u00e9 soust\u0159ed\u011bn\u00ed LK Tachov&#8220;<\/span><\/a><\/p>\n","protected":false},"author":2,"featured_media":0,"comment_status":"closed","ping_status":"closed","sticky":false,"template":"","format":"standard","meta":{"ngg_post_thumbnail":0,"footnotes":""},"categories":[1],"tags":[],"class_list":["post-900","post","type-post","status-publish","format-standard","hentry","category-novinky"],"post_mailing_queue_ids":[],"_links":{"self":[{"href":"https:\/\/www.lktachov.cz\/index.php\/wp-json\/wp\/v2\/posts\/900","targetHints":{"allow":["GET"]}}],"collection":[{"href":"https:\/\/www.lktachov.cz\/index.php\/wp-json\/wp\/v2\/posts"}],"about":[{"href":"https:\/\/www.lktachov.cz\/index.php\/wp-json\/wp\/v2\/types\/post"}],"author":[{"embeddable":true,"href":"https:\/\/www.lktachov.cz\/index.php\/wp-json\/wp\/v2\/users\/2"}],"replies":[{"embeddable":true,"href":"https:\/\/www.lktachov.cz\/index.php\/wp-json\/wp\/v2\/comments?post=900"}],"version-history":[{"count":2,"href":"https:\/\/www.lktachov.cz\/index.php\/wp-json\/wp\/v2\/posts\/900\/revisions"}],"predecessor-version":[{"id":1282,"href":"https:\/\/www.lktachov.cz\/index.php\/wp-json\/wp\/v2\/posts\/900\/revisions\/1282"}],"wp:attachment":[{"href":"https:\/\/www.lktachov.cz\/index.php\/wp-json\/wp\/v2\/media?parent=900"}],"wp:term":[{"taxonomy":"category","embeddable":true,"href":"https:\/\/www.lktachov.cz\/index.php\/wp-json\/wp\/v2\/categories?post=900"},{"taxonomy":"post_tag","embeddable":true,"href":"https:\/\/www.lktachov.cz\/index.php\/wp-json\/wp\/v2\/tags?post=900"}],"curies":[{"name":"wp","href":"https:\/\/api.w.org\/{rel}","templated":true}]}}