{"id":73,"date":"2018-10-07T00:03:07","date_gmt":"2018-10-06T22:03:07","guid":{"rendered":"http:\/\/lktachov.cz\/?p=73"},"modified":"2018-10-07T00:03:07","modified_gmt":"2018-10-06T22:03:07","slug":"pohar-plzenskeho-kraje","status":"publish","type":"post","link":"https:\/\/www.lktachov.cz\/index.php\/2018\/10\/07\/pohar-plzenskeho-kraje\/","title":{"rendered":"Poh\u00e1r Plze\u0148sk\u00e9ho Kraje"},"content":{"rendered":"<p>Venkovn\u00ed z\u00e1vody prob\u00edhali tak\u00e9 v dlouhodob\u00e9 sout\u011b\u017ei v ter\u010dov\u00e9 lukost\u0159elb\u011b pod z\u00e1\u0161titou Plze\u0148sk\u00e9ho kraje. Konalo se celkem \u0161est z\u00e1vod\u016f, \u010dty\u0159i v Plzni a dva v Chr\u00e1stu. Hodnotil se pr\u016fm\u011br z t\u0159\u00ed nejlep\u0161\u00edch v\u00fdkon\u016f. V kategorii \u017e\u00e1ky\u0148 do 8 let z\u00edskala 1. M\u00edsto Krist\u00fdnka Strapkov\u00e1, 2. M\u00edsto Emily Alexandra Vojtov\u00e1. U Mlad\u0161\u00edch \u017e\u00e1ky\u0148 skon\u010dila Jana \u0160mejkalov\u00e1 na 2. M\u00edst\u011b, Krist\u00fdnka Drap\u00e1kov\u00e1 na 3. M\u00edst\u011b. Denisa Krynick\u00e1 byla \u010dtvrt\u00e1. Star\u0161\u00ed \u017e\u00e1kyn\u011b Karol\u00edna Strapkov\u00e1 byla prvn\u00ed. V kategorii mu\u017ei z\u00edskal Michal Krynick\u00fd nejcenn\u011bj\u0161\u00ed p\u0159\u00ed\u010dku v\u00edt\u011bz\u016f. Porazil i daleko zku\u0161en\u011bj\u0161\u00ed st\u0159elce a skon\u010dil prvn\u00ed. Jaroslav \u0160mejkal byl t\u0159et\u00ed. Tak\u00e9 on za kr\u00e1tkou dobu v\u011bnov\u00e1n\u00ed se tomuto sportu, podal p\u011bkn\u00fd v\u00fdkon.<\/p>\n","protected":false},"excerpt":{"rendered":"<p>Venkovn\u00ed z\u00e1vody prob\u00edhali tak\u00e9 v dlouhodob\u00e9 sout\u011b\u017ei v ter\u010dov\u00e9 lukost\u0159elb\u011b pod z\u00e1\u0161titou Plze\u0148sk\u00e9ho kraje. Konalo se celkem \u0161est z\u00e1vod\u016f, \u010dty\u0159i v Plzni a dva v Chr\u00e1stu. Hodnotil se pr\u016fm\u011br z t\u0159\u00ed nejlep\u0161\u00edch v\u00fdkon\u016f. V kategorii \u017e\u00e1ky\u0148 do 8 let z\u00edskala 1. M\u00edsto Krist\u00fdnka Strapkov\u00e1, 2. M\u00edsto Emily Alexandra Vojtov\u00e1. U Mlad\u0161\u00edch \u017e\u00e1ky\u0148 skon\u010dila Jana \u0160mejkalov\u00e1 &hellip; <\/p>\n<p class=\"link-more\"><a href=\"https:\/\/www.lktachov.cz\/index.php\/2018\/10\/07\/pohar-plzenskeho-kraje\/\" class=\"more-link\">Pokra\u010dovat ve \u010dten\u00ed<span class=\"screen-reader-text\"> &#8222;Poh\u00e1r Plze\u0148sk\u00e9ho Kraje&#8220;<\/span><\/a><\/p>\n","protected":false},"author":1,"featured_media":0,"comment_status":"closed","ping_status":"closed","sticky":false,"template":"","format":"standard","meta":{"ngg_post_thumbnail":0,"footnotes":""},"categories":[1],"tags":[],"class_list":["post-73","post","type-post","status-publish","format-standard","hentry","category-novinky"],"post_mailing_queue_ids":[],"_links":{"self":[{"href":"https:\/\/www.lktachov.cz\/index.php\/wp-json\/wp\/v2\/posts\/73","targetHints":{"allow":["GET"]}}],"collection":[{"href":"https:\/\/www.lktachov.cz\/index.php\/wp-json\/wp\/v2\/posts"}],"about":[{"href":"https:\/\/www.lktachov.cz\/index.php\/wp-json\/wp\/v2\/types\/post"}],"author":[{"embeddable":true,"href":"https:\/\/www.lktachov.cz\/index.php\/wp-json\/wp\/v2\/users\/1"}],"replies":[{"embeddable":true,"href":"https:\/\/www.lktachov.cz\/index.php\/wp-json\/wp\/v2\/comments?post=73"}],"version-history":[{"count":1,"href":"https:\/\/www.lktachov.cz\/index.php\/wp-json\/wp\/v2\/posts\/73\/revisions"}],"predecessor-version":[{"id":74,"href":"https:\/\/www.lktachov.cz\/index.php\/wp-json\/wp\/v2\/posts\/73\/revisions\/74"}],"wp:attachment":[{"href":"https:\/\/www.lktachov.cz\/index.php\/wp-json\/wp\/v2\/media?parent=73"}],"wp:term":[{"taxonomy":"category","embeddable":true,"href":"https:\/\/www.lktachov.cz\/index.php\/wp-json\/wp\/v2\/categories?post=73"},{"taxonomy":"post_tag","embeddable":true,"href":"https:\/\/www.lktachov.cz\/index.php\/wp-json\/wp\/v2\/tags?post=73"}],"curies":[{"name":"wp","href":"https:\/\/api.w.org\/{rel}","templated":true}]}}