{"id":2813,"date":"2025-01-25T23:32:07","date_gmt":"2025-01-25T22:32:07","guid":{"rendered":"https:\/\/www.lktachov.cz\/?p=2813"},"modified":"2025-01-25T23:32:07","modified_gmt":"2025-01-25T22:32:07","slug":"poharove-souteze-cls-tecka-za-sezonou-2023-24","status":"publish","type":"post","link":"https:\/\/www.lktachov.cz\/index.php\/2025\/01\/25\/poharove-souteze-cls-tecka-za-sezonou-2023-24\/","title":{"rendered":"Poh\u00e1rov\u00e9 sout\u011b\u017ee \u010cLS \u2013 te\u010dka za sez\u00f3nou 2023\/24"},"content":{"rendered":"\n<p style=\"text-align: justify;\">Sportovn\u00ed sez\u00f3na 2023\/24 byla zavr\u0161ena vyhl\u00e1\u0161en\u00edm celorepublikov\u00e9ho poh\u00e1ru \u010cesk\u00e9ho lukost\u0159eleck\u00e9ho svazu. K na\u0161im tradi\u010dn\u00edm st\u0159eleck\u00fdm discipl\u00edn\u00e1m p\u0159ibyl lukost\u0159eleck\u00fd biatlon, nov\u00e1 a dynamick\u00e1 discipl\u00edna. Hned v prvn\u00edm roce na\u0161\u00ed \u00fa\u010dasti se dva na\u0161i z\u00e1vodn\u00edci um\u00edstili na p\u0159edn\u00edch m\u00edstech v republikov\u00e9m \u017eeb\u0159\u00ed\u010dku. <strong>Josef Novotn\u00fd<\/strong> v kategorii U11 z\u00edskal 18 bod\u016f a obsadil skv\u011bl\u00e9 <strong>3. m\u00edsto<\/strong>, stejn\u011b jako <strong>Alice Altmanov\u00e1<\/strong> v kategorii U15, kter\u00e1 s 22 body rovn\u011b\u017e stanula na <strong>3. m\u00edst\u011b<\/strong> v celorepublikov\u00e9m hodnocen\u00ed. <strong>Dominik Mi\u0161o\u0148<\/strong> dos\u00e1hl v halov\u00e9 lukost\u0159elb\u011b v kategorii \u017dH18 444 bod\u016f, co\u017e mu vyneslo <strong>3. m\u00edsto<\/strong>. V ter\u010dov\u00e9 lukost\u0159elb\u011b v kategorii \u017dWA z\u00edskal 526 bod\u016f a um\u00edstil se op\u011bt na <strong>3. m\u00edst\u011b<\/strong>. <strong>Zlatou medaili<\/strong> pro n\u00e1\u0161 klub vybojovala v halov\u00e9 lukost\u0159elb\u011b v kategorii H18 (kadetky) <strong>Denisa Knopfov\u00e1<\/strong>, kter\u00e1 z\u00edskala 454 bod\u016f.<\/p>\n<p style=\"text-align: justify;\">D\u011bkujeme v\u0161em na\u0161im sportovc\u016fm za jejich ne\u00fanavnou p\u00edli, odhodl\u00e1n\u00ed a skv\u011blou reprezentaci klubu v uplynul\u00e9 sez\u00f3n\u011b. Va\u0161e \u00fasil\u00ed a dosa\u017een\u00e9 \u00fasp\u011bchy jsou pro n\u00e1s velkou inspirac\u00ed a d\u016fkazem, \u017ee tvrd\u00e1 pr\u00e1ce p\u0159in\u00e1\u0161\u00ed ovoce.<\/p>\n<p><img loading=\"lazy\" decoding=\"async\" src=\"https:\/\/www.lktachov.cz\/wp-content\/uploads\/2025\/01\/cls23-4.jpg\" alt=\"\" width=\"700\" height=\"825\"><\/p>\n\n\n","protected":false},"excerpt":{"rendered":"<p>Sportovn\u00ed sez\u00f3na 2023\/24 byla zavr\u0161ena vyhl\u00e1\u0161en\u00edm celorepublikov\u00e9ho poh\u00e1ru \u010cesk\u00e9ho lukost\u0159eleck\u00e9ho svazu. K na\u0161im tradi\u010dn\u00edm st\u0159eleck\u00fdm discipl\u00edn\u00e1m p\u0159ibyl lukost\u0159eleck\u00fd biatlon, nov\u00e1 a dynamick\u00e1 discipl\u00edna. Hned v prvn\u00edm roce na\u0161\u00ed \u00fa\u010dasti se dva na\u0161i z\u00e1vodn\u00edci um\u00edstili na p\u0159edn\u00edch m\u00edstech v republikov\u00e9m \u017eeb\u0159\u00ed\u010dku. Josef Novotn\u00fd v kategorii U11 z\u00edskal 18 bod\u016f a obsadil skv\u011bl\u00e9 3. m\u00edsto, stejn\u011b jako &hellip; <\/p>\n<p class=\"link-more\"><a href=\"https:\/\/www.lktachov.cz\/index.php\/2025\/01\/25\/poharove-souteze-cls-tecka-za-sezonou-2023-24\/\" class=\"more-link\">Pokra\u010dovat ve \u010dten\u00ed<span class=\"screen-reader-text\"> &#8222;Poh\u00e1rov\u00e9 sout\u011b\u017ee \u010cLS \u2013 te\u010dka za sez\u00f3nou 2023\/24&#8220;<\/span><\/a><\/p>\n","protected":false},"author":2,"featured_media":0,"comment_status":"closed","ping_status":"open","sticky":false,"template":"","format":"standard","meta":{"ngg_post_thumbnail":0,"footnotes":""},"categories":[1],"tags":[],"class_list":["post-2813","post","type-post","status-publish","format-standard","hentry","category-novinky"],"post_mailing_queue_ids":[],"_links":{"self":[{"href":"https:\/\/www.lktachov.cz\/index.php\/wp-json\/wp\/v2\/posts\/2813","targetHints":{"allow":["GET"]}}],"collection":[{"href":"https:\/\/www.lktachov.cz\/index.php\/wp-json\/wp\/v2\/posts"}],"about":[{"href":"https:\/\/www.lktachov.cz\/index.php\/wp-json\/wp\/v2\/types\/post"}],"author":[{"embeddable":true,"href":"https:\/\/www.lktachov.cz\/index.php\/wp-json\/wp\/v2\/users\/2"}],"replies":[{"embeddable":true,"href":"https:\/\/www.lktachov.cz\/index.php\/wp-json\/wp\/v2\/comments?post=2813"}],"version-history":[{"count":3,"href":"https:\/\/www.lktachov.cz\/index.php\/wp-json\/wp\/v2\/posts\/2813\/revisions"}],"predecessor-version":[{"id":2816,"href":"https:\/\/www.lktachov.cz\/index.php\/wp-json\/wp\/v2\/posts\/2813\/revisions\/2816"}],"wp:attachment":[{"href":"https:\/\/www.lktachov.cz\/index.php\/wp-json\/wp\/v2\/media?parent=2813"}],"wp:term":[{"taxonomy":"category","embeddable":true,"href":"https:\/\/www.lktachov.cz\/index.php\/wp-json\/wp\/v2\/categories?post=2813"},{"taxonomy":"post_tag","embeddable":true,"href":"https:\/\/www.lktachov.cz\/index.php\/wp-json\/wp\/v2\/tags?post=2813"}],"curies":[{"name":"wp","href":"https:\/\/api.w.org\/{rel}","templated":true}]}}