{"id":2198,"date":"2023-10-18T22:19:08","date_gmt":"2023-10-18T20:19:08","guid":{"rendered":"http:\/\/www.lktachov.cz\/?p=2198"},"modified":"2023-10-18T22:19:08","modified_gmt":"2023-10-18T20:19:08","slug":"ohlednuti-za-zavodni-sezonou-2022-23","status":"publish","type":"post","link":"https:\/\/www.lktachov.cz\/index.php\/2023\/10\/18\/ohlednuti-za-zavodni-sezonou-2022-23\/","title":{"rendered":"Ohl\u00e9dnut\u00ed za z\u00e1vodn\u00ed sez\u00f3nou 2022\/23"},"content":{"rendered":"\n<p>Z\u00e1vodn\u00ed sez\u00f3na 2022\/23 se na\u0161emu klubu velice vyda\u0159ila.<\/p>\n<p style=\"text-align: justify;\">Na\u0161e omladina bodovala na halov\u00e9m M\u010cR v Nymburku, odkud dovezla bronz na\u0161e kadetka Denisa Knopfov\u00e1 a v z\u00e1vod\u011b dru\u017estev dovezl t\u00fdm ve slo\u017een\u00ed Denisa Knopfov\u00e1, Ivona Altmanov\u00e1 a Krist\u00fdna Drap\u00e1kov\u00e1 kov nejcenn\u011bj\u0161\u00ed &#8211; zlato.<\/p>\n<p style=\"text-align: justify;\">Z\u00e1vodn\u00ed seri\u00e1l (6 z\u00e1vodn\u00edch kol) plze\u0148sk\u00e9ho kraje Chr\u00e1steck\u00e9 \u0161\u00edpy z velk\u00e9 \u010d\u00e1sti zaplnily na\u0161e klubov\u00e9 barvy. V kategorii star\u0161\u00edch \u017e\u00e1ky\u0148 se n\u00e1m poda\u0159ilo obsadit cel\u00e9 stupn\u011b v\u00edt\u011bz\u016f \u2013 1. m\u00edsto Kamila Krynick\u00e1, 2. m\u00edsto Barbora Ro\u010dkov\u00e1 a 3. m\u00edsto Alice Altmanov\u00e1. Kadetky dovezly ocen\u011bn\u00ed za 1. m\u00edsto Denisa Knopfov\u00e1, 3. m\u00edsto Ivona Altmanov\u00e1 a 4.m\u00edsto Krist\u00fdna Drap\u00e1kov\u00e1. Za dosp\u011bl\u00e9 brala zlato v kategorii \u017een Kate\u0159ina Drap\u00e1kov\u00e1 a za mu\u017ee zlato Michal Krynick\u00fd. V kategorii senior\u016f se na 2. m\u00edst\u011b um\u00edstil Ji\u0159\u00ed Altman.<\/p>\n<p style=\"text-align: justify;\">M\u010cR hol\u00fdch luk\u016f, kter\u00e9 se konalo v Praze, ovl\u00e1dly na\u0161e kadetky, kter\u00e9 dom\u016f p\u0159ivezly zlato Kate\u0159ina Dvo\u0159\u00e1kov\u00e1 a st\u0159\u00edbro Denisa Knopfov\u00e1.<\/p>\n<p style=\"text-align: justify;\">Poh\u00e1r ml\u00e1de\u017ee plze\u0148sk\u00e9ho kraje v ter\u010dov\u00e9 lukost\u0159elb\u011b se n\u00e1m poda\u0159ilo ovl\u00e1dnout v\u00edce a zde jsme tak\u00e9 mohli uk\u00e1zat s\u00edlu a dovednost na\u0161ich sportovc\u016f. Star\u0161\u00ed \u017e\u00e1kyn\u011b obsadily 1. m\u00edsto Kamila Krynick\u00e1, 2. m\u00edsto Kate\u0159ina Dvo\u0159\u00e1kov\u00e1 a 3. m\u00edsto Alice Altmanov\u00e1. Kadetky 1. m\u00edsto Denisa Knopfov\u00e1 a 3. m\u00edsto Ivona Altmanov\u00e1. V mu\u017e\u00edch dos\u00e1hl na 1. m\u00edsto Michal Krynick\u00fd a za seniory vybojoval 3. m\u00edsto Ji\u0159\u00ed Altman.<\/p>\n<p style=\"text-align: justify;\">Dal\u0161\u00edm vynikaj\u00edc\u00edm \u00fasp\u011bchem je leto\u0161n\u00ed zisk \u010desk\u00e9ho rekordu v ter\u010dov\u00e9 lukost\u0159elb\u011b s n\u00e1st\u0159elem 507 bod\u016f kter\u00fd v kategorii kadetek vyst\u0159\u00edlela Denisa Knopfov\u00e1.<\/p>\n<p style=\"text-align: justify;\">Nejen t\u011bmto v\u00edt\u011bz\u016fm, ale i v\u0161em ostatn\u00edm sportovc\u016fm pat\u0159\u00ed srde\u010dn\u00fd d\u00edk za \u00fa\u017easnou reprezentaci na\u0161eho klubu, m\u011bsta Tachova i plze\u0148sk\u00e9ho kraje a dr\u017e\u00edme palce do dal\u0161\u00ed sez\u00f3ny.<\/p>\n","protected":false},"excerpt":{"rendered":"<p>Z\u00e1vodn\u00ed sez\u00f3na 2022\/23 se na\u0161emu klubu velice vyda\u0159ila. Na\u0161e omladina bodovala na halov\u00e9m M\u010cR v Nymburku, odkud dovezla bronz na\u0161e kadetka Denisa Knopfov\u00e1 a v z\u00e1vod\u011b dru\u017estev dovezl t\u00fdm ve slo\u017een\u00ed Denisa Knopfov\u00e1, Ivona Altmanov\u00e1 a Krist\u00fdna Drap\u00e1kov\u00e1 kov nejcenn\u011bj\u0161\u00ed &#8211; zlato. Z\u00e1vodn\u00ed seri\u00e1l (6 z\u00e1vodn\u00edch kol) plze\u0148sk\u00e9ho kraje Chr\u00e1steck\u00e9 \u0161\u00edpy z velk\u00e9 \u010d\u00e1sti zaplnily &hellip; <\/p>\n<p class=\"link-more\"><a href=\"https:\/\/www.lktachov.cz\/index.php\/2023\/10\/18\/ohlednuti-za-zavodni-sezonou-2022-23\/\" class=\"more-link\">Pokra\u010dovat ve \u010dten\u00ed<span class=\"screen-reader-text\"> &#8222;Ohl\u00e9dnut\u00ed za z\u00e1vodn\u00ed sez\u00f3nou 2022\/23&#8220;<\/span><\/a><\/p>\n","protected":false},"author":2,"featured_media":0,"comment_status":"closed","ping_status":"open","sticky":false,"template":"","format":"standard","meta":{"ngg_post_thumbnail":0,"footnotes":""},"categories":[1],"tags":[],"class_list":["post-2198","post","type-post","status-publish","format-standard","hentry","category-novinky"],"post_mailing_queue_ids":[],"_links":{"self":[{"href":"https:\/\/www.lktachov.cz\/index.php\/wp-json\/wp\/v2\/posts\/2198","targetHints":{"allow":["GET"]}}],"collection":[{"href":"https:\/\/www.lktachov.cz\/index.php\/wp-json\/wp\/v2\/posts"}],"about":[{"href":"https:\/\/www.lktachov.cz\/index.php\/wp-json\/wp\/v2\/types\/post"}],"author":[{"embeddable":true,"href":"https:\/\/www.lktachov.cz\/index.php\/wp-json\/wp\/v2\/users\/2"}],"replies":[{"embeddable":true,"href":"https:\/\/www.lktachov.cz\/index.php\/wp-json\/wp\/v2\/comments?post=2198"}],"version-history":[{"count":4,"href":"https:\/\/www.lktachov.cz\/index.php\/wp-json\/wp\/v2\/posts\/2198\/revisions"}],"predecessor-version":[{"id":2202,"href":"https:\/\/www.lktachov.cz\/index.php\/wp-json\/wp\/v2\/posts\/2198\/revisions\/2202"}],"wp:attachment":[{"href":"https:\/\/www.lktachov.cz\/index.php\/wp-json\/wp\/v2\/media?parent=2198"}],"wp:term":[{"taxonomy":"category","embeddable":true,"href":"https:\/\/www.lktachov.cz\/index.php\/wp-json\/wp\/v2\/categories?post=2198"},{"taxonomy":"post_tag","embeddable":true,"href":"https:\/\/www.lktachov.cz\/index.php\/wp-json\/wp\/v2\/tags?post=2198"}],"curies":[{"name":"wp","href":"https:\/\/api.w.org\/{rel}","templated":true}]}}