{"id":1634,"date":"2022-04-26T20:54:40","date_gmt":"2022-04-26T18:54:40","guid":{"rendered":"http:\/\/www.lktachov.cz\/?p=1634"},"modified":"2022-04-26T20:54:40","modified_gmt":"2022-04-26T18:54:40","slug":"paleni-carodejnic-v-zahrade-muzea-tachov","status":"publish","type":"post","link":"https:\/\/www.lktachov.cz\/index.php\/2022\/04\/26\/paleni-carodejnic-v-zahrade-muzea-tachov\/","title":{"rendered":"P\u00e1len\u00ed \u010darod\u011bjnic v zahrad\u011b muzea Tachov"},"content":{"rendered":"\n<p>V zahrad\u011b tachovsk\u00e9ho muzea prob\u011bhne 30. dubna 2022 tradi\u010dn\u00ed filipojakubsk\u00e1 noc s p\u00e1len\u00edm \u010darod\u011bjnic.<\/p>\n<p>Mlad\u00ed st\u0159elci LK Tachov v 17:00 hodin zap\u00e1l\u00ed v\u00fdst\u0159elem \u010darod\u011bjnici.<\/p>\n<p>Na akci bude od 15:00 hodin mobiln\u00ed st\u0159elnice, kde si m\u016f\u017eete vyzkou\u0161et st\u0159elbu z luku a tak\u00e9 se dozv\u011bd\u011bt n\u011bco bli\u017e\u0161\u00edho nejen o na\u0161em lukost\u0159eleck\u00e9m klubu, ale tak\u00e9 o lukost\u0159elb\u011b jako sportu celkov\u011b.<\/p>\n<p>T\u011b\u0161\u00edme se na V\u00e1s!<\/p>\n<p><a href=\"http:\/\/www.lktachov.cz\/wp-content\/uploads\/2022\/04\/Carodejnice_2022.jpg\"><img loading=\"lazy\" decoding=\"async\" src=\"http:\/\/www.lktachov.cz\/wp-content\/uploads\/2022\/04\/Carodejnice_2022.jpg\" alt=\"\" width=\"70\" height=\"100\"><\/a><\/p>\n","protected":false},"excerpt":{"rendered":"<p>V zahrad\u011b tachovsk\u00e9ho muzea prob\u011bhne 30. dubna 2022 tradi\u010dn\u00ed filipojakubsk\u00e1 noc s p\u00e1len\u00edm \u010darod\u011bjnic. Mlad\u00ed st\u0159elci LK Tachov v 17:00 hodin zap\u00e1l\u00ed v\u00fdst\u0159elem \u010darod\u011bjnici. Na akci bude od 15:00 hodin mobiln\u00ed st\u0159elnice, kde si m\u016f\u017eete vyzkou\u0161et st\u0159elbu z luku a tak\u00e9 se dozv\u011bd\u011bt n\u011bco bli\u017e\u0161\u00edho nejen o na\u0161em lukost\u0159eleck\u00e9m klubu, ale tak\u00e9 o lukost\u0159elb\u011b jako &hellip; <\/p>\n<p class=\"link-more\"><a href=\"https:\/\/www.lktachov.cz\/index.php\/2022\/04\/26\/paleni-carodejnic-v-zahrade-muzea-tachov\/\" class=\"more-link\">Pokra\u010dovat ve \u010dten\u00ed<span class=\"screen-reader-text\"> &#8222;P\u00e1len\u00ed \u010darod\u011bjnic v zahrad\u011b muzea Tachov&#8220;<\/span><\/a><\/p>\n","protected":false},"author":2,"featured_media":0,"comment_status":"closed","ping_status":"open","sticky":false,"template":"","format":"standard","meta":{"ngg_post_thumbnail":0,"footnotes":""},"categories":[1],"tags":[],"class_list":["post-1634","post","type-post","status-publish","format-standard","hentry","category-novinky"],"post_mailing_queue_ids":[],"_links":{"self":[{"href":"https:\/\/www.lktachov.cz\/index.php\/wp-json\/wp\/v2\/posts\/1634","targetHints":{"allow":["GET"]}}],"collection":[{"href":"https:\/\/www.lktachov.cz\/index.php\/wp-json\/wp\/v2\/posts"}],"about":[{"href":"https:\/\/www.lktachov.cz\/index.php\/wp-json\/wp\/v2\/types\/post"}],"author":[{"embeddable":true,"href":"https:\/\/www.lktachov.cz\/index.php\/wp-json\/wp\/v2\/users\/2"}],"replies":[{"embeddable":true,"href":"https:\/\/www.lktachov.cz\/index.php\/wp-json\/wp\/v2\/comments?post=1634"}],"version-history":[{"count":4,"href":"https:\/\/www.lktachov.cz\/index.php\/wp-json\/wp\/v2\/posts\/1634\/revisions"}],"predecessor-version":[{"id":1640,"href":"https:\/\/www.lktachov.cz\/index.php\/wp-json\/wp\/v2\/posts\/1634\/revisions\/1640"}],"wp:attachment":[{"href":"https:\/\/www.lktachov.cz\/index.php\/wp-json\/wp\/v2\/media?parent=1634"}],"wp:term":[{"taxonomy":"category","embeddable":true,"href":"https:\/\/www.lktachov.cz\/index.php\/wp-json\/wp\/v2\/categories?post=1634"},{"taxonomy":"post_tag","embeddable":true,"href":"https:\/\/www.lktachov.cz\/index.php\/wp-json\/wp\/v2\/tags?post=1634"}],"curies":[{"name":"wp","href":"https:\/\/api.w.org\/{rel}","templated":true}]}}