{"id":1186,"date":"2020-03-07T23:59:28","date_gmt":"2020-03-07T22:59:28","guid":{"rendered":"http:\/\/www.lktachov.cz\/?p=1186"},"modified":"2020-03-07T23:59:28","modified_gmt":"2020-03-07T22:59:28","slug":"vitezstvi-nasich-lukostrelkyn-na-28-mcr-zactva","status":"publish","type":"post","link":"https:\/\/www.lktachov.cz\/index.php\/2020\/03\/07\/vitezstvi-nasich-lukostrelkyn-na-28-mcr-zactva\/","title":{"rendered":"V\u00edt\u011bzstv\u00ed na\u0161ich lukost\u0159elky\u0148 na 28. M\u010cR \u017eactva"},"content":{"rendered":"\n<p>Dv\u011b lukost\u0159elkyn\u011b &#8211; Krist\u00fdna Drap\u00e1kov\u00e1 a Ivona Altmanov\u00e1 &#8211; z\u00edskaly na 28. Mistrovstv\u00ed \u010cR v halov\u00e9 lukost\u0159elb\u011b nejcenn\u011bj\u0161\u00ed medaile. Po boj\u00edch v kvalifikaci pro\u0161la d\u011bv\u010data cel\u00fdmi eliminacemi, kde se na sam\u00e9m konci spolu utkala o prvn\u00ed m\u00edsto. V\u00edt\u011bzkou v kategorii star\u0161\u00edch \u017e\u00e1ky\u0148 se stala Ivona. St\u0159\u00edbrnou medaili si dovezla Krist\u00fdna.<\/p>\n<p>P\u00e1r obr\u00e1zk\u016f ze z\u00e1vod\u016f M\u010cR naleznete ve <a href=\"http:\/\/www.lktachov.cz\/index.php\/fotogalerie\/nggallery\/zavody-cls\/2020-28-mcr-zactva-v-tercove-lukostrelbe\">fotogalerii<\/a>.<\/p>\n","protected":false},"excerpt":{"rendered":"<p>Dv\u011b lukost\u0159elkyn\u011b &#8211; Krist\u00fdna Drap\u00e1kov\u00e1 a Ivona Altmanov\u00e1 &#8211; z\u00edskaly na 28. Mistrovstv\u00ed \u010cR v halov\u00e9 lukost\u0159elb\u011b nejcenn\u011bj\u0161\u00ed medaile. Po boj\u00edch v kvalifikaci pro\u0161la d\u011bv\u010data cel\u00fdmi eliminacemi, kde se na sam\u00e9m konci spolu utkala o prvn\u00ed m\u00edsto. V\u00edt\u011bzkou v kategorii star\u0161\u00edch \u017e\u00e1ky\u0148 se stala Ivona. St\u0159\u00edbrnou medaili si dovezla Krist\u00fdna. P\u00e1r obr\u00e1zk\u016f ze z\u00e1vod\u016f M\u010cR &hellip; <\/p>\n<p class=\"link-more\"><a href=\"https:\/\/www.lktachov.cz\/index.php\/2020\/03\/07\/vitezstvi-nasich-lukostrelkyn-na-28-mcr-zactva\/\" class=\"more-link\">Pokra\u010dovat ve \u010dten\u00ed<span class=\"screen-reader-text\"> &#8222;V\u00edt\u011bzstv\u00ed na\u0161ich lukost\u0159elky\u0148 na 28. M\u010cR \u017eactva&#8220;<\/span><\/a><\/p>\n","protected":false},"author":2,"featured_media":0,"comment_status":"closed","ping_status":"open","sticky":false,"template":"","format":"standard","meta":{"ngg_post_thumbnail":0,"footnotes":""},"categories":[1],"tags":[],"class_list":["post-1186","post","type-post","status-publish","format-standard","hentry","category-novinky"],"post_mailing_queue_ids":[],"_links":{"self":[{"href":"https:\/\/www.lktachov.cz\/index.php\/wp-json\/wp\/v2\/posts\/1186","targetHints":{"allow":["GET"]}}],"collection":[{"href":"https:\/\/www.lktachov.cz\/index.php\/wp-json\/wp\/v2\/posts"}],"about":[{"href":"https:\/\/www.lktachov.cz\/index.php\/wp-json\/wp\/v2\/types\/post"}],"author":[{"embeddable":true,"href":"https:\/\/www.lktachov.cz\/index.php\/wp-json\/wp\/v2\/users\/2"}],"replies":[{"embeddable":true,"href":"https:\/\/www.lktachov.cz\/index.php\/wp-json\/wp\/v2\/comments?post=1186"}],"version-history":[{"count":2,"href":"https:\/\/www.lktachov.cz\/index.php\/wp-json\/wp\/v2\/posts\/1186\/revisions"}],"predecessor-version":[{"id":1188,"href":"https:\/\/www.lktachov.cz\/index.php\/wp-json\/wp\/v2\/posts\/1186\/revisions\/1188"}],"wp:attachment":[{"href":"https:\/\/www.lktachov.cz\/index.php\/wp-json\/wp\/v2\/media?parent=1186"}],"wp:term":[{"taxonomy":"category","embeddable":true,"href":"https:\/\/www.lktachov.cz\/index.php\/wp-json\/wp\/v2\/categories?post=1186"},{"taxonomy":"post_tag","embeddable":true,"href":"https:\/\/www.lktachov.cz\/index.php\/wp-json\/wp\/v2\/tags?post=1186"}],"curies":[{"name":"wp","href":"https:\/\/api.w.org\/{rel}","templated":true}]}}