{"id":1123,"date":"2020-03-02T22:16:26","date_gmt":"2020-03-02T21:16:26","guid":{"rendered":"http:\/\/www.lktachov.cz\/?p=1123"},"modified":"2020-03-02T22:16:26","modified_gmt":"2020-03-02T21:16:26","slug":"sportovec-roku-2019-okresu-tachov-2019","status":"publish","type":"post","link":"https:\/\/www.lktachov.cz\/index.php\/2020\/03\/02\/sportovec-roku-2019-okresu-tachov-2019\/","title":{"rendered":"Sportovec roku 2019 okresu Tachov 2019"},"content":{"rendered":"\n<p>V\u00fdborn\u00e9 v\u00fdsledky na\u0161eho t\u00fdmu star\u0161\u00edch \u017e\u00e1ky\u0148 byly ocen\u011bny cenou sportovec Tachovsk\u00e9ho okresu za rok 2019 v kategorii <strong>Kolektiv ml\u00e1de\u017e<\/strong>. T\u00fdm ve slo\u017een\u00ed <strong>Krist\u00fdna Drap\u00e1kov\u00e1<\/strong>, <strong>Ivona Altmanov\u00e1<\/strong> a <strong>Karol\u00edna Strapkov\u00e1<\/strong> si vyslou\u017eil toto ocen\u011bn\u00ed za 1. m\u00edsto dru\u017estev na M\u010cR v ter\u00e9nn\u00ed lukost\u0159elb\u011b \u017eactva v divizi hol\u00fd luk.<\/p>\n<p>V kategorii <strong>ml\u00e1de\u017ee jednotlivc\u016f<\/strong> si toto ocen\u011bn\u00ed vyst\u0159\u00edlela <strong>Krist\u00fdna Drap\u00e1kov\u00e1<\/strong> celou sb\u00edrkou \u00fasp\u011bch\u016f na z\u00e1vodech:<br>1. m\u00edsto v Ter\u010dov\u00e9 lukost\u0159elb\u011b v kategorie mlad\u0161\u00ed \u017e\u00e1kyn\u011b hol\u00fd luk<br>1. m\u00edsto v Ter\u00e9nn\u00ed lukost\u0159elb\u011b v kategorii mlad\u0161\u00ed \u017e\u00e1kyn\u011b hol\u00fd luk<br>2. m\u00edsto v Halov\u00e9 lukost\u0159elb\u011b v kategorii mlad\u0161\u00ed \u017e\u00e1kyn\u011b hol\u00fd luk<br>1. m\u00edsto v \u017eeb\u0159\u00ed\u010dku \u010cLS v halov\u00e9, ter\u010dov\u00e9 a ter\u00e9nn\u00ed lukost\u0159elb\u011b v kategorii mlad\u0161\u00ed \u017e\u00e1kyn\u011b<\/p>\n<p>V\u0161em pat\u0159\u00ed velk\u00e1 gratulace.&nbsp;<\/p>\n","protected":false},"excerpt":{"rendered":"<p>V\u00fdborn\u00e9 v\u00fdsledky na\u0161eho t\u00fdmu star\u0161\u00edch \u017e\u00e1ky\u0148 byly ocen\u011bny cenou sportovec Tachovsk\u00e9ho okresu za rok 2019 v kategorii Kolektiv ml\u00e1de\u017e. T\u00fdm ve slo\u017een\u00ed Krist\u00fdna Drap\u00e1kov\u00e1, Ivona Altmanov\u00e1 a Karol\u00edna Strapkov\u00e1 si vyslou\u017eil toto ocen\u011bn\u00ed za 1. m\u00edsto dru\u017estev na M\u010cR v ter\u00e9nn\u00ed lukost\u0159elb\u011b \u017eactva v divizi hol\u00fd luk. V kategorii ml\u00e1de\u017ee jednotlivc\u016f si toto ocen\u011bn\u00ed vyst\u0159\u00edlela &hellip; <\/p>\n<p class=\"link-more\"><a href=\"https:\/\/www.lktachov.cz\/index.php\/2020\/03\/02\/sportovec-roku-2019-okresu-tachov-2019\/\" class=\"more-link\">Pokra\u010dovat ve \u010dten\u00ed<span class=\"screen-reader-text\"> &#8222;Sportovec roku 2019 okresu Tachov 2019&#8220;<\/span><\/a><\/p>\n","protected":false},"author":2,"featured_media":0,"comment_status":"closed","ping_status":"open","sticky":false,"template":"","format":"standard","meta":{"ngg_post_thumbnail":0,"footnotes":""},"categories":[1],"tags":[],"class_list":["post-1123","post","type-post","status-publish","format-standard","hentry","category-novinky"],"post_mailing_queue_ids":[],"_links":{"self":[{"href":"https:\/\/www.lktachov.cz\/index.php\/wp-json\/wp\/v2\/posts\/1123","targetHints":{"allow":["GET"]}}],"collection":[{"href":"https:\/\/www.lktachov.cz\/index.php\/wp-json\/wp\/v2\/posts"}],"about":[{"href":"https:\/\/www.lktachov.cz\/index.php\/wp-json\/wp\/v2\/types\/post"}],"author":[{"embeddable":true,"href":"https:\/\/www.lktachov.cz\/index.php\/wp-json\/wp\/v2\/users\/2"}],"replies":[{"embeddable":true,"href":"https:\/\/www.lktachov.cz\/index.php\/wp-json\/wp\/v2\/comments?post=1123"}],"version-history":[{"count":2,"href":"https:\/\/www.lktachov.cz\/index.php\/wp-json\/wp\/v2\/posts\/1123\/revisions"}],"predecessor-version":[{"id":1125,"href":"https:\/\/www.lktachov.cz\/index.php\/wp-json\/wp\/v2\/posts\/1123\/revisions\/1125"}],"wp:attachment":[{"href":"https:\/\/www.lktachov.cz\/index.php\/wp-json\/wp\/v2\/media?parent=1123"}],"wp:term":[{"taxonomy":"category","embeddable":true,"href":"https:\/\/www.lktachov.cz\/index.php\/wp-json\/wp\/v2\/categories?post=1123"},{"taxonomy":"post_tag","embeddable":true,"href":"https:\/\/www.lktachov.cz\/index.php\/wp-json\/wp\/v2\/tags?post=1123"}],"curies":[{"name":"wp","href":"https:\/\/api.w.org\/{rel}","templated":true}]}}